{"id":993142,"date":"2024-04-16T11:46:57","date_gmt":"2024-04-16T09:46:57","guid":{"rendered":"https:\/\/vigor-fitness.at\/fit\/?p=993142"},"modified":"2024-03-19T11:49:21","modified_gmt":"2024-03-19T10:49:21","slug":"tauche-ein-in-die-einzigartige-welt-des-yoga-mit-vlad","status":"publish","type":"post","link":"https:\/\/vigor-fitness.at\/fit\/tauche-ein-in-die-einzigartige-welt-des-yoga-mit-vlad\/","title":{"rendered":"Tauche ein in die einzigartige Welt des Yoga mit Vlad"},"content":{"rendered":"<div class=\"vgblk-rw-wrapper limit-wrapper\">\n<p>Vlad ist weit mehr als nur ein Profifu\u00dfballer \u2013 er ist auch ein zertifizierter Yogalehrer mit einer Leidenschaft f\u00fcr Yoga, die \u00fcber 15 Jahre Erfahrung umfasst. Seine Reise begann w\u00e4hrend seines Studiums und Lebens in Indien, wo er nicht nur seine Fu\u00dfballkarriere vorantrieb, sondern auch seine Leidenschaft f\u00fcr Yoga entdeckte.<\/p>\n\n\n\n<p>Sein au\u00dfergew\u00f6hnlicher Hintergrund als Athlet und Yogalehrer erm\u00f6glichte es ihm, einen einzigartigen Yogastil zu entwickeln, der Kraft und Flexibilit\u00e4t perfekt ausbalanciert. Dabei konzentriert er sich auf eine dynamische Praxis innerhalb des traditionellen Hatha-Yoga. Neben der Praxis der Yoga-Asanas vertieft sich Vlad auch in die philosophischen Aspekte des Yoga, basierend auf den vedischen Schriften. Als h\u00e4ufiger Redner und Dozent organisiert er<\/p>\n\n\n\n<p>zudem Yoga-Events und Retreats, bei denen er Gleichgesinnte zusammenbringt, die nach Wissen und innerer Ausrichtung streben. Er l\u00e4dt dich ein, gemeinsam mit ihm auf eine Reise zu gehen, die K\u00f6rper und Geist in Einklang bringt.<\/p>\n<\/div><!-- .vgblk-rw-wrapper -->","protected":false},"excerpt":{"rendered":"<p>Vlad ist weit mehr als nur ein Profifu\u00dfballer \u2013 er ist auch ein zertifizierter Yogalehrer mit einer Leidenschaft f\u00fcr Yoga, die \u00fcber 15 Jahre Erfahrung umfasst. Seine Reise begann w\u00e4hrend seines Studiums und Lebens in Indien, wo er nicht nur seine Fu\u00dfballkarriere vorantrieb, sondern auch seine Leidenschaft f\u00fcr Yoga entdeckte. Sein au\u00dfergew\u00f6hnlicher Hintergrund als Athlet&#8230;<\/p>\n","protected":false},"author":1,"featured_media":992603,"comment_status":"closed","ping_status":"open","sticky":false,"template":"","format":"standard","meta":{"_monsterinsights_skip_tracking":false,"_monsterinsights_sitenote_active":false,"_monsterinsights_sitenote_note":"","_monsterinsights_sitenote_category":0,"footnotes":""},"categories":[18,81],"tags":[],"class_list":["post-993142","post","type-post","status-publish","format-standard","has-post-thumbnail","hentry","category-palais-ferstel","category-yoga"],"yoast_head":"<!-- This site is optimized with the Yoast SEO plugin v27.3 - https:\/\/yoast.com\/product\/yoast-seo-wordpress\/ -->\n<title>Tauche ein in die einzigartige Welt des Yoga mit Vlad - Vigor Fitness<\/title>\n<meta name=\"description\" content=\"Vlad ist auch ein zertifizierter Yogalehrer mit einer Leidenschaft f\u00fcr Yoga, die \u00fcber 15 Jahre Erfahrung umfasst.\" \/>\n<meta name=\"robots\" content=\"index, follow, max-snippet:-1, max-image-preview:large, max-video-preview:-1\" \/>\n<link rel=\"canonical\" href=\"https:\/\/vigor-fitness.at\/fit\/tauche-ein-in-die-einzigartige-welt-des-yoga-mit-vlad\/\" \/>\n<meta property=\"og:locale\" content=\"de_DE\" \/>\n<meta property=\"og:type\" content=\"article\" \/>\n<meta property=\"og:title\" content=\"Tauche ein in die einzigartige Welt des Yoga mit Vlad - Vigor Fitness\" \/>\n<meta property=\"og:description\" content=\"Vlad ist auch ein zertifizierter Yogalehrer mit einer Leidenschaft f\u00fcr Yoga, die \u00fcber 15 Jahre Erfahrung umfasst.\" \/>\n<meta property=\"og:url\" content=\"https:\/\/vigor-fitness.at\/fit\/tauche-ein-in-die-einzigartige-welt-des-yoga-mit-vlad\/\" \/>\n<meta property=\"og:site_name\" content=\"Vigor Fitness\" \/>\n<meta property=\"article:publisher\" content=\"https:\/\/www.facebook.com\/Vigor.Health.Performance\" \/>\n<meta property=\"article:published_time\" content=\"2024-04-16T09:46:57+00:00\" \/>\n<meta property=\"og:image\" content=\"https:\/\/vigor-fitness.at\/fit\/wp-content\/uploads\/2024\/01\/Vigor_Fitness_Palais_Ferstel_Vlad_600.jpg\" \/>\n\t<meta property=\"og:image:width\" content=\"600\" \/>\n\t<meta property=\"og:image:height\" content=\"600\" \/>\n\t<meta property=\"og:image:type\" content=\"image\/jpeg\" \/>\n<meta name=\"author\" content=\"zinkolav\" \/>\n<meta name=\"twitter:card\" content=\"summary_large_image\" \/>\n<meta name=\"twitter:label1\" content=\"Verfasst von\" \/>\n\t<meta name=\"twitter:data1\" content=\"zinkolav\" \/>\n\t<meta name=\"twitter:label2\" content=\"Gesch\u00e4tzte Lesezeit\" \/>\n\t<meta name=\"twitter:data2\" content=\"2 Minuten\" \/>\n<script type=\"application\/ld+json\" class=\"yoast-schema-graph\">{\"@context\":\"https:\\\/\\\/schema.org\",\"@graph\":[{\"@type\":\"Article\",\"@id\":\"https:\\\/\\\/vigor-fitness.at\\\/fit\\\/tauche-ein-in-die-einzigartige-welt-des-yoga-mit-vlad\\\/#article\",\"isPartOf\":{\"@id\":\"https:\\\/\\\/vigor-fitness.at\\\/fit\\\/tauche-ein-in-die-einzigartige-welt-des-yoga-mit-vlad\\\/\"},\"author\":{\"name\":\"zinkolav\",\"@id\":\"https:\\\/\\\/vigor-fitness.at\\\/fit\\\/#\\\/schema\\\/person\\\/af9440389abdfaa68c47459af2ad65a0\"},\"headline\":\"Tauche ein in die einzigartige Welt des Yoga mit Vlad\",\"datePublished\":\"2024-04-16T09:46:57+00:00\",\"mainEntityOfPage\":{\"@id\":\"https:\\\/\\\/vigor-fitness.at\\\/fit\\\/tauche-ein-in-die-einzigartige-welt-des-yoga-mit-vlad\\\/\"},\"wordCount\":165,\"publisher\":{\"@id\":\"https:\\\/\\\/vigor-fitness.at\\\/fit\\\/#organization\"},\"image\":{\"@id\":\"https:\\\/\\\/vigor-fitness.at\\\/fit\\\/tauche-ein-in-die-einzigartige-welt-des-yoga-mit-vlad\\\/#primaryimage\"},\"thumbnailUrl\":\"https:\\\/\\\/vigor-fitness.at\\\/fit\\\/wp-content\\\/uploads\\\/2024\\\/01\\\/Vigor_Fitness_Palais_Ferstel_Vlad_600.jpg\",\"articleSection\":[\"Palais Ferstel\",\"Yoga\"],\"inLanguage\":\"de-AT\"},{\"@type\":\"WebPage\",\"@id\":\"https:\\\/\\\/vigor-fitness.at\\\/fit\\\/tauche-ein-in-die-einzigartige-welt-des-yoga-mit-vlad\\\/\",\"url\":\"https:\\\/\\\/vigor-fitness.at\\\/fit\\\/tauche-ein-in-die-einzigartige-welt-des-yoga-mit-vlad\\\/\",\"name\":\"Tauche ein in die einzigartige Welt des Yoga mit Vlad - Vigor Fitness\",\"isPartOf\":{\"@id\":\"https:\\\/\\\/vigor-fitness.at\\\/fit\\\/#website\"},\"primaryImageOfPage\":{\"@id\":\"https:\\\/\\\/vigor-fitness.at\\\/fit\\\/tauche-ein-in-die-einzigartige-welt-des-yoga-mit-vlad\\\/#primaryimage\"},\"image\":{\"@id\":\"https:\\\/\\\/vigor-fitness.at\\\/fit\\\/tauche-ein-in-die-einzigartige-welt-des-yoga-mit-vlad\\\/#primaryimage\"},\"thumbnailUrl\":\"https:\\\/\\\/vigor-fitness.at\\\/fit\\\/wp-content\\\/uploads\\\/2024\\\/01\\\/Vigor_Fitness_Palais_Ferstel_Vlad_600.jpg\",\"datePublished\":\"2024-04-16T09:46:57+00:00\",\"description\":\"Vlad ist auch ein zertifizierter Yogalehrer mit einer Leidenschaft f\u00fcr Yoga, die \u00fcber 15 Jahre Erfahrung umfasst.\",\"breadcrumb\":{\"@id\":\"https:\\\/\\\/vigor-fitness.at\\\/fit\\\/tauche-ein-in-die-einzigartige-welt-des-yoga-mit-vlad\\\/#breadcrumb\"},\"inLanguage\":\"de-AT\",\"potentialAction\":[{\"@type\":\"ReadAction\",\"target\":[\"https:\\\/\\\/vigor-fitness.at\\\/fit\\\/tauche-ein-in-die-einzigartige-welt-des-yoga-mit-vlad\\\/\"]}]},{\"@type\":\"ImageObject\",\"inLanguage\":\"de-AT\",\"@id\":\"https:\\\/\\\/vigor-fitness.at\\\/fit\\\/tauche-ein-in-die-einzigartige-welt-des-yoga-mit-vlad\\\/#primaryimage\",\"url\":\"https:\\\/\\\/vigor-fitness.at\\\/fit\\\/wp-content\\\/uploads\\\/2024\\\/01\\\/Vigor_Fitness_Palais_Ferstel_Vlad_600.jpg\",\"contentUrl\":\"https:\\\/\\\/vigor-fitness.at\\\/fit\\\/wp-content\\\/uploads\\\/2024\\\/01\\\/Vigor_Fitness_Palais_Ferstel_Vlad_600.jpg\",\"width\":600,\"height\":600,\"caption\":\"Yoga Trainer Vlad im Yogastudio im Palais Ferstel, 1010 Wien.\"},{\"@type\":\"BreadcrumbList\",\"@id\":\"https:\\\/\\\/vigor-fitness.at\\\/fit\\\/tauche-ein-in-die-einzigartige-welt-des-yoga-mit-vlad\\\/#breadcrumb\",\"itemListElement\":[{\"@type\":\"ListItem\",\"position\":1,\"name\":\"Startseite\",\"item\":\"https:\\\/\\\/vigor-fitness.at\\\/fit\\\/\"},{\"@type\":\"ListItem\",\"position\":2,\"name\":\"Tauche ein in die einzigartige Welt des Yoga mit Vlad\"}]},{\"@type\":\"WebSite\",\"@id\":\"https:\\\/\\\/vigor-fitness.at\\\/fit\\\/#website\",\"url\":\"https:\\\/\\\/vigor-fitness.at\\\/fit\\\/\",\"name\":\"Vigor Fitness\",\"description\":\"Vigor Fitness - wir bringen dich weiter! Durch unsere ganzheitliche Vorgehensweise wird dein Training auf ein neues Level gebracht.\",\"publisher\":{\"@id\":\"https:\\\/\\\/vigor-fitness.at\\\/fit\\\/#organization\"},\"potentialAction\":[{\"@type\":\"SearchAction\",\"target\":{\"@type\":\"EntryPoint\",\"urlTemplate\":\"https:\\\/\\\/vigor-fitness.at\\\/fit\\\/?s={search_term_string}\"},\"query-input\":{\"@type\":\"PropertyValueSpecification\",\"valueRequired\":true,\"valueName\":\"search_term_string\"}}],\"inLanguage\":\"de-AT\"},{\"@type\":\"Organization\",\"@id\":\"https:\\\/\\\/vigor-fitness.at\\\/fit\\\/#organization\",\"name\":\"Vigor Fitness\",\"url\":\"https:\\\/\\\/vigor-fitness.at\\\/fit\\\/\",\"logo\":{\"@type\":\"ImageObject\",\"inLanguage\":\"de-AT\",\"@id\":\"https:\\\/\\\/vigor-fitness.at\\\/fit\\\/#\\\/schema\\\/logo\\\/image\\\/\",\"url\":\"https:\\\/\\\/vigor-fitness.at\\\/fit\\\/wp-content\\\/uploads\\\/2020\\\/12\\\/Vigor_Fitness_Primary_Weiss.jpg\",\"contentUrl\":\"https:\\\/\\\/vigor-fitness.at\\\/fit\\\/wp-content\\\/uploads\\\/2020\\\/12\\\/Vigor_Fitness_Primary_Weiss.jpg\",\"width\":350,\"height\":100,\"caption\":\"Vigor Fitness\"},\"image\":{\"@id\":\"https:\\\/\\\/vigor-fitness.at\\\/fit\\\/#\\\/schema\\\/logo\\\/image\\\/\"},\"sameAs\":[\"https:\\\/\\\/www.facebook.com\\\/Vigor.Health.Performance\",\"https:\\\/\\\/www.instagram.com\\\/vigor.health.performance\\\/\"]},{\"@type\":\"Person\",\"@id\":\"https:\\\/\\\/vigor-fitness.at\\\/fit\\\/#\\\/schema\\\/person\\\/af9440389abdfaa68c47459af2ad65a0\",\"name\":\"zinkolav\",\"image\":{\"@type\":\"ImageObject\",\"inLanguage\":\"de-AT\",\"@id\":\"https:\\\/\\\/secure.gravatar.com\\\/avatar\\\/bd9cad2986131157b76e171afb5e929d2dac0d7ec87f6f4963fa843c0c9bc20e?s=96&d=mm&r=g\",\"url\":\"https:\\\/\\\/secure.gravatar.com\\\/avatar\\\/bd9cad2986131157b76e171afb5e929d2dac0d7ec87f6f4963fa843c0c9bc20e?s=96&d=mm&r=g\",\"contentUrl\":\"https:\\\/\\\/secure.gravatar.com\\\/avatar\\\/bd9cad2986131157b76e171afb5e929d2dac0d7ec87f6f4963fa843c0c9bc20e?s=96&d=mm&r=g\",\"caption\":\"zinkolav\"},\"sameAs\":[\"https:\\\/\\\/vigor-fitness.at\\\/fit\"],\"url\":\"https:\\\/\\\/vigor-fitness.at\\\/fit\\\/author\\\/zinkolav\\\/\"}]}<\/script>\n<!-- \/ Yoast SEO plugin. -->","yoast_head_json":{"title":"Tauche ein in die einzigartige Welt des Yoga mit Vlad - Vigor Fitness","description":"Vlad ist auch ein zertifizierter Yogalehrer mit einer Leidenschaft f\u00fcr Yoga, die \u00fcber 15 Jahre Erfahrung umfasst.","robots":{"index":"index","follow":"follow","max-snippet":"max-snippet:-1","max-image-preview":"max-image-preview:large","max-video-preview":"max-video-preview:-1"},"canonical":"https:\/\/vigor-fitness.at\/fit\/tauche-ein-in-die-einzigartige-welt-des-yoga-mit-vlad\/","og_locale":"de_DE","og_type":"article","og_title":"Tauche ein in die einzigartige Welt des Yoga mit Vlad - Vigor Fitness","og_description":"Vlad ist auch ein zertifizierter Yogalehrer mit einer Leidenschaft f\u00fcr Yoga, die \u00fcber 15 Jahre Erfahrung umfasst.","og_url":"https:\/\/vigor-fitness.at\/fit\/tauche-ein-in-die-einzigartige-welt-des-yoga-mit-vlad\/","og_site_name":"Vigor Fitness","article_publisher":"https:\/\/www.facebook.com\/Vigor.Health.Performance","article_published_time":"2024-04-16T09:46:57+00:00","og_image":[{"width":600,"height":600,"url":"https:\/\/vigor-fitness.at\/fit\/wp-content\/uploads\/2024\/01\/Vigor_Fitness_Palais_Ferstel_Vlad_600.jpg","type":"image\/jpeg"}],"author":"zinkolav","twitter_card":"summary_large_image","twitter_misc":{"Verfasst von":"zinkolav","Gesch\u00e4tzte Lesezeit":"2 Minuten"},"schema":{"@context":"https:\/\/schema.org","@graph":[{"@type":"Article","@id":"https:\/\/vigor-fitness.at\/fit\/tauche-ein-in-die-einzigartige-welt-des-yoga-mit-vlad\/#article","isPartOf":{"@id":"https:\/\/vigor-fitness.at\/fit\/tauche-ein-in-die-einzigartige-welt-des-yoga-mit-vlad\/"},"author":{"name":"zinkolav","@id":"https:\/\/vigor-fitness.at\/fit\/#\/schema\/person\/af9440389abdfaa68c47459af2ad65a0"},"headline":"Tauche ein in die einzigartige Welt des Yoga mit Vlad","datePublished":"2024-04-16T09:46:57+00:00","mainEntityOfPage":{"@id":"https:\/\/vigor-fitness.at\/fit\/tauche-ein-in-die-einzigartige-welt-des-yoga-mit-vlad\/"},"wordCount":165,"publisher":{"@id":"https:\/\/vigor-fitness.at\/fit\/#organization"},"image":{"@id":"https:\/\/vigor-fitness.at\/fit\/tauche-ein-in-die-einzigartige-welt-des-yoga-mit-vlad\/#primaryimage"},"thumbnailUrl":"https:\/\/vigor-fitness.at\/fit\/wp-content\/uploads\/2024\/01\/Vigor_Fitness_Palais_Ferstel_Vlad_600.jpg","articleSection":["Palais Ferstel","Yoga"],"inLanguage":"de-AT"},{"@type":"WebPage","@id":"https:\/\/vigor-fitness.at\/fit\/tauche-ein-in-die-einzigartige-welt-des-yoga-mit-vlad\/","url":"https:\/\/vigor-fitness.at\/fit\/tauche-ein-in-die-einzigartige-welt-des-yoga-mit-vlad\/","name":"Tauche ein in die einzigartige Welt des Yoga mit Vlad - Vigor Fitness","isPartOf":{"@id":"https:\/\/vigor-fitness.at\/fit\/#website"},"primaryImageOfPage":{"@id":"https:\/\/vigor-fitness.at\/fit\/tauche-ein-in-die-einzigartige-welt-des-yoga-mit-vlad\/#primaryimage"},"image":{"@id":"https:\/\/vigor-fitness.at\/fit\/tauche-ein-in-die-einzigartige-welt-des-yoga-mit-vlad\/#primaryimage"},"thumbnailUrl":"https:\/\/vigor-fitness.at\/fit\/wp-content\/uploads\/2024\/01\/Vigor_Fitness_Palais_Ferstel_Vlad_600.jpg","datePublished":"2024-04-16T09:46:57+00:00","description":"Vlad ist auch ein zertifizierter Yogalehrer mit einer Leidenschaft f\u00fcr Yoga, die \u00fcber 15 Jahre Erfahrung umfasst.","breadcrumb":{"@id":"https:\/\/vigor-fitness.at\/fit\/tauche-ein-in-die-einzigartige-welt-des-yoga-mit-vlad\/#breadcrumb"},"inLanguage":"de-AT","potentialAction":[{"@type":"ReadAction","target":["https:\/\/vigor-fitness.at\/fit\/tauche-ein-in-die-einzigartige-welt-des-yoga-mit-vlad\/"]}]},{"@type":"ImageObject","inLanguage":"de-AT","@id":"https:\/\/vigor-fitness.at\/fit\/tauche-ein-in-die-einzigartige-welt-des-yoga-mit-vlad\/#primaryimage","url":"https:\/\/vigor-fitness.at\/fit\/wp-content\/uploads\/2024\/01\/Vigor_Fitness_Palais_Ferstel_Vlad_600.jpg","contentUrl":"https:\/\/vigor-fitness.at\/fit\/wp-content\/uploads\/2024\/01\/Vigor_Fitness_Palais_Ferstel_Vlad_600.jpg","width":600,"height":600,"caption":"Yoga Trainer Vlad im Yogastudio im Palais Ferstel, 1010 Wien."},{"@type":"BreadcrumbList","@id":"https:\/\/vigor-fitness.at\/fit\/tauche-ein-in-die-einzigartige-welt-des-yoga-mit-vlad\/#breadcrumb","itemListElement":[{"@type":"ListItem","position":1,"name":"Startseite","item":"https:\/\/vigor-fitness.at\/fit\/"},{"@type":"ListItem","position":2,"name":"Tauche ein in die einzigartige Welt des Yoga mit Vlad"}]},{"@type":"WebSite","@id":"https:\/\/vigor-fitness.at\/fit\/#website","url":"https:\/\/vigor-fitness.at\/fit\/","name":"Vigor Fitness","description":"Vigor Fitness - wir bringen dich weiter! Durch unsere ganzheitliche Vorgehensweise wird dein Training auf ein neues Level gebracht.","publisher":{"@id":"https:\/\/vigor-fitness.at\/fit\/#organization"},"potentialAction":[{"@type":"SearchAction","target":{"@type":"EntryPoint","urlTemplate":"https:\/\/vigor-fitness.at\/fit\/?s={search_term_string}"},"query-input":{"@type":"PropertyValueSpecification","valueRequired":true,"valueName":"search_term_string"}}],"inLanguage":"de-AT"},{"@type":"Organization","@id":"https:\/\/vigor-fitness.at\/fit\/#organization","name":"Vigor Fitness","url":"https:\/\/vigor-fitness.at\/fit\/","logo":{"@type":"ImageObject","inLanguage":"de-AT","@id":"https:\/\/vigor-fitness.at\/fit\/#\/schema\/logo\/image\/","url":"https:\/\/vigor-fitness.at\/fit\/wp-content\/uploads\/2020\/12\/Vigor_Fitness_Primary_Weiss.jpg","contentUrl":"https:\/\/vigor-fitness.at\/fit\/wp-content\/uploads\/2020\/12\/Vigor_Fitness_Primary_Weiss.jpg","width":350,"height":100,"caption":"Vigor Fitness"},"image":{"@id":"https:\/\/vigor-fitness.at\/fit\/#\/schema\/logo\/image\/"},"sameAs":["https:\/\/www.facebook.com\/Vigor.Health.Performance","https:\/\/www.instagram.com\/vigor.health.performance\/"]},{"@type":"Person","@id":"https:\/\/vigor-fitness.at\/fit\/#\/schema\/person\/af9440389abdfaa68c47459af2ad65a0","name":"zinkolav","image":{"@type":"ImageObject","inLanguage":"de-AT","@id":"https:\/\/secure.gravatar.com\/avatar\/bd9cad2986131157b76e171afb5e929d2dac0d7ec87f6f4963fa843c0c9bc20e?s=96&d=mm&r=g","url":"https:\/\/secure.gravatar.com\/avatar\/bd9cad2986131157b76e171afb5e929d2dac0d7ec87f6f4963fa843c0c9bc20e?s=96&d=mm&r=g","contentUrl":"https:\/\/secure.gravatar.com\/avatar\/bd9cad2986131157b76e171afb5e929d2dac0d7ec87f6f4963fa843c0c9bc20e?s=96&d=mm&r=g","caption":"zinkolav"},"sameAs":["https:\/\/vigor-fitness.at\/fit"],"url":"https:\/\/vigor-fitness.at\/fit\/author\/zinkolav\/"}]}},"_links":{"self":[{"href":"https:\/\/vigor-fitness.at\/fit\/wp-json\/wp\/v2\/posts\/993142","targetHints":{"allow":["GET"]}}],"collection":[{"href":"https:\/\/vigor-fitness.at\/fit\/wp-json\/wp\/v2\/posts"}],"about":[{"href":"https:\/\/vigor-fitness.at\/fit\/wp-json\/wp\/v2\/types\/post"}],"author":[{"embeddable":true,"href":"https:\/\/vigor-fitness.at\/fit\/wp-json\/wp\/v2\/users\/1"}],"replies":[{"embeddable":true,"href":"https:\/\/vigor-fitness.at\/fit\/wp-json\/wp\/v2\/comments?post=993142"}],"version-history":[{"count":1,"href":"https:\/\/vigor-fitness.at\/fit\/wp-json\/wp\/v2\/posts\/993142\/revisions"}],"predecessor-version":[{"id":993143,"href":"https:\/\/vigor-fitness.at\/fit\/wp-json\/wp\/v2\/posts\/993142\/revisions\/993143"}],"wp:featuredmedia":[{"embeddable":true,"href":"https:\/\/vigor-fitness.at\/fit\/wp-json\/wp\/v2\/media\/992603"}],"wp:attachment":[{"href":"https:\/\/vigor-fitness.at\/fit\/wp-json\/wp\/v2\/media?parent=993142"}],"wp:term":[{"taxonomy":"category","embeddable":true,"href":"https:\/\/vigor-fitness.at\/fit\/wp-json\/wp\/v2\/categories?post=993142"},{"taxonomy":"post_tag","embeddable":true,"href":"https:\/\/vigor-fitness.at\/fit\/wp-json\/wp\/v2\/tags?post=993142"}],"curies":[{"name":"wp","href":"https:\/\/api.w.org\/{rel}","templated":true}]}}